{"id":2664,"date":"2023-12-11T12:47:09","date_gmt":"2023-12-11T12:47:09","guid":{"rendered":"https:\/\/galtholmenmc.se\/?p=2664"},"modified":"2023-12-11T12:47:15","modified_gmt":"2023-12-11T12:47:15","slug":"1a-2a-advent-har-passerat","status":"publish","type":"post","link":"https:\/\/galtholmenmc.se\/?p=2664","title":{"rendered":"1:a &#038; 2:a advent har passerat&#8230;"},"content":{"rendered":"\n<p>&#8230;.&amp; man skulle ju kunna tro att gubbsen har fullt upp med att julfejja, ni vet snickra och sticka egengjorda julklappar, koka kn\u00e4ck och st\u00e4rka julduken, &amp; julgrisen ska ju styckas ocks\u00e5&#8230;<\/p>\n\n\n\n<p>&#8230;men nejd\u00e5, de tar sig tid f\u00f6r ett &amp; annat julh\u00e4ng i bikerv\u00e4rlden&#8230;s\u00e5 klart!<\/p>\n\n\n\n<p>L\u00f6rdag innan 1:a advent for de till Bonka Mc i Surahammar.<\/p>\n\n\n<div class=\"wp-block-image\">\n<figure class=\"aligncenter size-full\"><img loading=\"lazy\" decoding=\"async\" width=\"480\" height=\"640\" src=\"https:\/\/galtholmenmc.se\/wp-content\/uploads\/2023\/12\/231211_01.jpg\" alt=\"\" class=\"wp-image-2665\" srcset=\"https:\/\/galtholmenmc.se\/wp-content\/uploads\/2023\/12\/231211_01.jpg 480w, https:\/\/galtholmenmc.se\/wp-content\/uploads\/2023\/12\/231211_01-225x300.jpg 225w\" sizes=\"auto, (max-width: 480px) 100vw, 480px\" \/><figcaption class=\"wp-element-caption\">Junior skickade bilden ovan och skrev: &#8221;S\u00e4kert enda bilden du f\u00e5r fr\u00e5n Bonka.&#8221; Men nejd\u00e5, han skickade en till minsann&#8230;.<\/figcaption><\/figure>\n<\/div>\n\n<div class=\"wp-block-image\">\n<figure class=\"aligncenter size-full\"><img loading=\"lazy\" decoding=\"async\" width=\"360\" height=\"640\" src=\"https:\/\/galtholmenmc.se\/wp-content\/uploads\/2023\/12\/231211_02.jpg\" alt=\"\" class=\"wp-image-2666\" srcset=\"https:\/\/galtholmenmc.se\/wp-content\/uploads\/2023\/12\/231211_02.jpg 360w, https:\/\/galtholmenmc.se\/wp-content\/uploads\/2023\/12\/231211_02-169x300.jpg 169w\" sizes=\"auto, (max-width: 360px) 100vw, 360px\" \/><figcaption class=\"wp-element-caption\">&#8230;p\u00e5 en till synes \u00f6vergiven skoter&#8230;.?? Jag fr\u00e5gade om det var en viss figur fr\u00e5n V\u00e4sterf\u00e4rnebo som hittat dit men det var det inte&#8230;..s\u00e5 det verkar finnas fler som tar skotern till hojtr\u00e4ffen&#8230;.<\/figcaption><\/figure>\n<\/div>\n\n\n<p>L\u00f6rdag innan 2:a advent var det dags f\u00f6r den \u00e5rliga luciafesten hos Tramps Mc. Dock oklart varf\u00f6r det heter luciafest, jag har d\u00e5 aldrig sett n\u00e5gon lucia d\u00e4r&#8230;<\/p>\n\n\n<div class=\"wp-block-image\">\n<figure class=\"aligncenter size-full\"><img loading=\"lazy\" decoding=\"async\" width=\"640\" height=\"480\" src=\"https:\/\/galtholmenmc.se\/wp-content\/uploads\/2023\/12\/231211_03.jpg\" alt=\"\" class=\"wp-image-2667\" srcset=\"https:\/\/galtholmenmc.se\/wp-content\/uploads\/2023\/12\/231211_03.jpg 640w, https:\/\/galtholmenmc.se\/wp-content\/uploads\/2023\/12\/231211_03-300x225.jpg 300w\" sizes=\"auto, (max-width: 640px) 100vw, 640px\" \/><figcaption class=\"wp-element-caption\">Men&#8230;..det \u00e4r n\u00e5got som ser konstigt ut&#8230;.<\/figcaption><\/figure>\n<\/div>\n\n<div class=\"wp-block-image\">\n<figure class=\"aligncenter size-full\"><img loading=\"lazy\" decoding=\"async\" width=\"640\" height=\"480\" src=\"https:\/\/galtholmenmc.se\/wp-content\/uploads\/2023\/12\/231211_04.jpg\" alt=\"\" class=\"wp-image-2668\" srcset=\"https:\/\/galtholmenmc.se\/wp-content\/uploads\/2023\/12\/231211_04.jpg 640w, https:\/\/galtholmenmc.se\/wp-content\/uploads\/2023\/12\/231211_04-300x225.jpg 300w\" sizes=\"auto, (max-width: 640px) 100vw, 640px\" \/><figcaption class=\"wp-element-caption\">&#8230;ser de inte of\u00f6rsk\u00e4mt st\u00e4dade ut?? Vad har h\u00e4nt??<\/figcaption><\/figure>\n<\/div>\n\n\n<p>3:e &amp; 4:e advent kvar&#8230;&#8230;.f\u00e5r se vad som \u00e4r p\u00e5 g d\u00e5 d\u00e5?? Vi h\u00f6rs!<\/p>\n","protected":false},"excerpt":{"rendered":"<p>&#8230;.&amp; man skulle ju kunna tro att gubbsen har fullt upp med att julfejja, ni vet snickra och sticka egengjorda julklappar, koka kn\u00e4ck och st\u00e4rka julduken, &amp; julgrisen ska ju styckas ocks\u00e5&#8230; &#8230;men nejd\u00e5, de tar sig tid f\u00f6r ett &amp; annat julh\u00e4ng i bikerv\u00e4rlden&#8230;s\u00e5 klart! L\u00f6rdag innan 1:a advent for de till Bonka Mc [&hellip;]<\/p>\n","protected":false},"author":1,"featured_media":0,"comment_status":"open","ping_status":"open","sticky":false,"template":"","format":"standard","meta":{"footnotes":""},"categories":[1],"tags":[],"class_list":["post-2664","post","type-post","status-publish","format-standard","hentry","category-uncategorized"],"_links":{"self":[{"href":"https:\/\/galtholmenmc.se\/index.php?rest_route=\/wp\/v2\/posts\/2664","targetHints":{"allow":["GET"]}}],"collection":[{"href":"https:\/\/galtholmenmc.se\/index.php?rest_route=\/wp\/v2\/posts"}],"about":[{"href":"https:\/\/galtholmenmc.se\/index.php?rest_route=\/wp\/v2\/types\/post"}],"author":[{"embeddable":true,"href":"https:\/\/galtholmenmc.se\/index.php?rest_route=\/wp\/v2\/users\/1"}],"replies":[{"embeddable":true,"href":"https:\/\/galtholmenmc.se\/index.php?rest_route=%2Fwp%2Fv2%2Fcomments&post=2664"}],"version-history":[{"count":1,"href":"https:\/\/galtholmenmc.se\/index.php?rest_route=\/wp\/v2\/posts\/2664\/revisions"}],"predecessor-version":[{"id":2669,"href":"https:\/\/galtholmenmc.se\/index.php?rest_route=\/wp\/v2\/posts\/2664\/revisions\/2669"}],"wp:attachment":[{"href":"https:\/\/galtholmenmc.se\/index.php?rest_route=%2Fwp%2Fv2%2Fmedia&parent=2664"}],"wp:term":[{"taxonomy":"category","embeddable":true,"href":"https:\/\/galtholmenmc.se\/index.php?rest_route=%2Fwp%2Fv2%2Fcategories&post=2664"},{"taxonomy":"post_tag","embeddable":true,"href":"https:\/\/galtholmenmc.se\/index.php?rest_route=%2Fwp%2Fv2%2Ftags&post=2664"}],"curies":[{"name":"wp","href":"https:\/\/api.w.org\/{rel}","templated":true}]}}